{"id":271,"date":"2022-02-02T11:39:00","date_gmt":"2022-02-02T11:39:00","guid":{"rendered":"https:\/\/www.xn--tino-gnther-yhb.de\/?p=271"},"modified":"2022-02-12T11:43:32","modified_gmt":"2022-02-12T11:43:32","slug":"mariae-lichtmess","status":"publish","type":"post","link":"https:\/\/www.xn--tino-gnther-yhb.de\/index.php\/2022\/02\/02\/mariae-lichtmess\/","title":{"rendered":"Mari\u00e4 Lichtmess"},"content":{"rendered":"\n<p>Am 2. Februar, genau 40 Tage nach Weihnachten, findet die traditionelle Mari\u00e4 Lichtmess statt. Damit wird bei uns im Erzgebirge das Ende der Weihnachtszeit eingel\u00e4utet, traditionell der Weihnachtsschmuck wegger\u00e4umt und alle Lichter gel\u00f6scht. Warum wir im Erzgebirge aber <a href=\"https:\/\/www.facebook.com\/hashtag\/lichtanimschacht?__eep__=6&amp;__cft__[0]=AZWGIOVYou80biGxS-lcjoub6FxFcOIhDg6bY62UmIFmTIYaZ6lg0UvYNtqKBGUH6TaOABKLFSkssCiljWG-YBZV_WfDpwtwnGOA5rjnCCTqsjP9KXz9OUEyGGryD6x1fXr1jY69uMQegZVLRnVgAQaMFabtu49zhjsyYU_5PpS_Wg&amp;__tn__=*NK-y-R\">#LichtanimSchacht<\/a><img loading=\"lazy\" decoding=\"async\" width=\"16\" height=\"16\" src=\"https:\/\/static.xx.fbcdn.net\/images\/emoji.php\/v9\/t6\/1\/16\/2692.png\" alt=\"\u2692\"> ben\u00f6tigen, erl\u00e4utert unser Landratskandidat <a href=\"https:\/\/www.facebook.com\/Tino-G%C3%BCnther-erzliberal-603447589681693\/?__cft__[0]=AZWGIOVYou80biGxS-lcjoub6FxFcOIhDg6bY62UmIFmTIYaZ6lg0UvYNtqKBGUH6TaOABKLFSkssCiljWG-YBZV_WfDpwtwnGOA5rjnCCTqsjP9KXz9OUEyGGryD6x1fXr1jY69uMQegZVLRnVgAQaMFabtu49zhjsyYU_5PpS_Wg&amp;__tn__=kK-y-R\">Tino G\u00fcnther #erzliberal<\/a><img loading=\"lazy\" decoding=\"async\" width=\"16\" height=\"16\" src=\"https:\/\/static.xx.fbcdn.net\/images\/emoji.php\/v9\/t9e\/1\/16\/27a1.png\" alt=\"\u27a1\ufe0f\"><\/p>\n\n\n\n<figure class=\"wp-block-embed is-type-video is-provider-youtube wp-block-embed-youtube wp-embed-aspect-16-9 wp-has-aspect-ratio\"><div class=\"wp-block-embed__wrapper\">\n<div class='embed-container'><iframe loading=\"lazy\" title=\"Maria Lichtmess\" width=\"1920\" height=\"1080\" src=\"https:\/\/www.youtube.com\/embed\/VIu1wvAyH-c?feature=oembed\" frameborder=\"0\" allow=\"accelerometer; autoplay; clipboard-write; encrypted-media; gyroscope; picture-in-picture\" allowfullscreen><\/iframe><\/div>\n<\/div><\/figure>\n","protected":false},"excerpt":{"rendered":"<p>Am 2. Februar, genau 40 Tage nach Weihnachten, findet die traditionelle Mari\u00e4 Lichtmess statt. Damit wird bei uns im Erzgebirge das Ende der Weihnachtszeit eingel\u00e4utet, traditionell der Weihnachtsschmuck wegger\u00e4umt und alle Lichter gel\u00f6scht. Warum wir im Erzgebirge aber #LichtanimSchacht ben\u00f6tigen, erl\u00e4utert unser Landratskandidat Tino G\u00fcnther #erzliberal<\/p>\n","protected":false},"author":3,"featured_media":272,"comment_status":"closed","ping_status":"","sticky":false,"template":"","format":"standard","meta":{"footnotes":""},"categories":[1],"tags":[],"class_list":["post-271","post","type-post","status-publish","format-standard","has-post-thumbnail","hentry","category-blog"],"_links":{"self":[{"href":"https:\/\/www.xn--tino-gnther-yhb.de\/index.php\/wp-json\/wp\/v2\/posts\/271","targetHints":{"allow":["GET"]}}],"collection":[{"href":"https:\/\/www.xn--tino-gnther-yhb.de\/index.php\/wp-json\/wp\/v2\/posts"}],"about":[{"href":"https:\/\/www.xn--tino-gnther-yhb.de\/index.php\/wp-json\/wp\/v2\/types\/post"}],"author":[{"embeddable":true,"href":"https:\/\/www.xn--tino-gnther-yhb.de\/index.php\/wp-json\/wp\/v2\/users\/3"}],"replies":[{"embeddable":true,"href":"https:\/\/www.xn--tino-gnther-yhb.de\/index.php\/wp-json\/wp\/v2\/comments?post=271"}],"version-history":[{"count":1,"href":"https:\/\/www.xn--tino-gnther-yhb.de\/index.php\/wp-json\/wp\/v2\/posts\/271\/revisions"}],"predecessor-version":[{"id":273,"href":"https:\/\/www.xn--tino-gnther-yhb.de\/index.php\/wp-json\/wp\/v2\/posts\/271\/revisions\/273"}],"wp:featuredmedia":[{"embeddable":true,"href":"https:\/\/www.xn--tino-gnther-yhb.de\/index.php\/wp-json\/wp\/v2\/media\/272"}],"wp:attachment":[{"href":"https:\/\/www.xn--tino-gnther-yhb.de\/index.php\/wp-json\/wp\/v2\/media?parent=271"}],"wp:term":[{"taxonomy":"category","embeddable":true,"href":"https:\/\/www.xn--tino-gnther-yhb.de\/index.php\/wp-json\/wp\/v2\/categories?post=271"},{"taxonomy":"post_tag","embeddable":true,"href":"https:\/\/www.xn--tino-gnther-yhb.de\/index.php\/wp-json\/wp\/v2\/tags?post=271"}],"curies":[{"name":"wp","href":"https:\/\/api.w.org\/{rel}","templated":true}]}}